{"id":19,"date":"2025-04-15T16:45:23","date_gmt":"2025-04-15T08:45:23","guid":{"rendered":"https:\/\/www.delontea.org\/?p=19"},"modified":"2025-04-15T16:45:23","modified_gmt":"2025-04-15T08:45:23","slug":"kamillatea-hatasai-es-5-kreativ-receptotlet","status":"publish","type":"post","link":"https:\/\/www.delontea.org\/?p=19","title":{"rendered":"Kamillatea: Hat\u00e1sai \u00e9s 5 kreat\u00edv recept\u00f6tlet"},"content":{"rendered":"\n<p>A kamillatea (sz\u00e1r\u00edtott&nbsp;<strong>kamillavir\u00e1g<\/strong>&nbsp;f\u0151zete) egyik legn\u00e9pszer\u0171bb gy\u00f3gytea Magyarorsz\u00e1gon. \u00cdme r\u00e9szletesen a hat\u00e1sai \u00e9s \u00f6t kreat\u00edv receptv\u00e1ltozat:<\/p>\n\n\n\n<hr class=\"wp-block-separator has-alpha-channel-opacity\"\/>\n\n\n\n<h4 class=\"wp-block-heading\"><strong>Kamillatea hat\u00e1sai<\/strong>:<\/h4>\n\n\n\n<ol start=\"1\" class=\"wp-block-list\">\n<li><strong>Nyugtat\u00f3 hat\u00e1s<\/strong>: Cs\u00f6kkenti a stresszt \u00e9s el\u0151seg\u00edti az alv\u00e1st.<\/li>\n\n\n\n<li><strong>Gyullad\u00e1scs\u00f6kkent\u0151<\/strong>: Enyh\u00edti a gyomor- \u00e9s b\u00e9lrendszeri gyullad\u00e1sokat.<\/li>\n\n\n\n<li><strong>B\u0151r\u00e1pol\u00f3<\/strong>: K\u00fcls\u0151leg alkalmazva ekc\u00e9ma vagy sebek kezel\u00e9s\u00e9re.<\/li>\n\n\n\n<li><strong>Em\u00e9szt\u00e9sjav\u00edt\u00f3<\/strong>: Csillap\u00edtja a puffad\u00e1st \u00e9s gyomorg\u00f6rcs\u00f6ket.<\/li>\n\n\n\n<li><strong>F\u00e1jdalomcsillap\u00edt\u00f3<\/strong>: Enyh\u00edti a menstru\u00e1ci\u00f3s g\u00f6rcs\u00f6ket.<\/li>\n<\/ol>\n\n\n\n<hr class=\"wp-block-separator has-alpha-channel-opacity\"\/>\n\n\n\n<h4 class=\"wp-block-heading\"><strong>5 recept \u00f6tlet kamillate\u00e1hoz<\/strong>:<\/h4>\n\n\n\n<h3 class=\"wp-block-heading\">1.&nbsp;<strong>Klasszikus nyugtat\u00f3 kamillatea<\/strong><\/h3>\n\n\n\n<p><strong>\u00d6sszetev\u0151k<\/strong>:<\/p>\n\n\n\n<ul class=\"wp-block-list\">\n<li>2 te\u00e1skan\u00e1l sz\u00e1r\u00edtott kamillavir\u00e1g<\/li>\n\n\n\n<li>2,5 dl forr\u00f3 v\u00edz (80-90\u00b0C)<br><strong>Elk\u00e9sz\u00edt\u00e9s<\/strong>:<br>A kamill\u00e1t leforr\u00e1zzuk, fed\u0151 alatt 8-10 percig \u00e1ztatjuk. Sz\u0171r\u00e9s ut\u00e1n langyos\u00e1n fogyaszthat\u00f3.<br><strong>Hat\u00e1s<\/strong>: Idegnyugtat\u00f3, alv\u00e1sseg\u00edt\u0151.<\/li>\n<\/ul>\n\n\n\n<hr class=\"wp-block-separator has-alpha-channel-opacity\"\/>\n\n\n\n<h3 class=\"wp-block-heading\">2.&nbsp;<strong>Kamilla-menta komb\u00f3<\/strong><\/h3>\n\n\n\n<p><strong>\u00d6sszetev\u0151k<\/strong>:<\/p>\n\n\n\n<ul class=\"wp-block-list\">\n<li>1 te\u00e1skan\u00e1l kamillavir\u00e1g<\/li>\n\n\n\n<li>5 friss mentalev\u00e9l (vagy 1 te\u00e1skan\u00e1l sz\u00e1r\u00edtott menta)<\/li>\n\n\n\n<li>citromh\u00e9j (opcion\u00e1lis)<br><strong>Elk\u00e9sz\u00edt\u00e9s<\/strong>:<br>A kamill\u00e1t \u00e9s ment\u00e1t egy\u00fctt leforr\u00e1zzuk, 7 percig \u00e1ztatjuk. Citromh\u00e9jjal \u00edzes\u00edthet\u0151.<br><strong>Hat\u00e1s<\/strong>: Em\u00e9szt\u00e9st serkent\u0151, friss\u00edt\u0151.<\/li>\n<\/ul>\n\n\n\n<hr class=\"wp-block-separator has-alpha-channel-opacity\"\/>\n\n\n\n<h3 class=\"wp-block-heading\">3.&nbsp;<strong>M\u00e9zes-kamilla altat\u00f3 tea<\/strong><\/h3>\n\n\n\n<p><strong>\u00d6sszetev\u0151k<\/strong>:<\/p>\n\n\n\n<ul class=\"wp-block-list\">\n<li>1 te\u00e1skan\u00e1l kamillavir\u00e1g<\/li>\n\n\n\n<li>1 k\u00e1v\u00e9skan\u00e1l m\u00e9z<\/li>\n\n\n\n<li>1 csipet sz\u00e1r\u00edtott levendula<br><strong>Elk\u00e9sz\u00edt\u00e9s<\/strong>:<br>A kamill\u00e1t \u00e9s levendul\u00e1t leforr\u00e1zzuk, 10 perc ut\u00e1n sz\u0171rj\u00fck, majd hozz\u00e1adjuk a m\u00e9zet.<br><strong>Hat\u00e1s<\/strong>: M\u00e9ly relax\u00e1ci\u00f3t biztos\u00edt.<\/li>\n<\/ul>\n\n\n\n<hr class=\"wp-block-separator has-alpha-channel-opacity\"\/>\n\n\n\n<h3 class=\"wp-block-heading\">4.&nbsp;<strong>Gy\u00f6mb\u00e9res kamilla tea<\/strong><\/h3>\n\n\n\n<p><strong>\u00d6sszetev\u0151k<\/strong>:<\/p>\n\n\n\n<ul class=\"wp-block-list\">\n<li>1 te\u00e1skan\u00e1l kamillavir\u00e1g<\/li>\n\n\n\n<li>1 cm friss gy\u00f6mb\u00e9r (vagy \u00bd te\u00e1skan\u00e1l por\u00edtott gy\u00f6mb\u00e9r)<br><strong>Elk\u00e9sz\u00edt\u00e9s<\/strong>:<br>A gy\u00f6mb\u00e9rt \u00e9s kamill\u00e1t egy\u00fctt f\u0151zz\u00fck 5 percig alacsony l\u00e1ngon, majd 5 percig \u00e1ztatjuk.<br><strong>Hat\u00e1s<\/strong>: Immuner\u0151s\u00edt\u0151, meleg\u00edt\u0151 t\u00e9li tea.<\/li>\n<\/ul>\n\n\n\n<hr class=\"wp-block-separator has-alpha-channel-opacity\"\/>\n\n\n\n<h3 class=\"wp-block-heading\">5.&nbsp;<strong>B\u0151r\u00e1pol\u00f3 kamillakompressz\u00f3<\/strong><\/h3>\n\n\n\n<p><strong>\u00d6sszetev\u0151k<\/strong>:<\/p>\n\n\n\n<ul class=\"wp-block-list\">\n<li>3 ev\u0151kan\u00e1l kamillavir\u00e1g<\/li>\n\n\n\n<li>4 dl forr\u00f3 v\u00edz<br><strong>Elk\u00e9sz\u00edt\u00e9s<\/strong>:<br>Er\u0151s kamillaf\u0151zetet k\u00e9sz\u00edt\u00fcnk, 15 percig \u00e1ztatjuk. Tiszta v\u00e1szondarabot \u00e1ztatunk benne, majd melegen a probl\u00e9m\u00e1s b\u0151rre helyezz\u00fck 10 percre.<br><strong>Hat\u00e1s<\/strong>: Gyullad\u00e1scs\u00f6kkent\u0151 b\u0151rkezel\u00e9s.<\/li>\n<\/ul>\n\n\n\n<hr class=\"wp-block-separator has-alpha-channel-opacity\"\/>\n\n\n\n<p><strong>Fontos!<\/strong><\/p>\n\n\n\n<ul class=\"wp-block-list\">\n<li>A kamillatea allergi\u00e1t v\u00e1lthat ki (pl. sz\u00e9nszorosokn\u00e1l).<\/li>\n\n\n\n<li>Terhess\u00e9g alatt csak korl\u00e1tozott mennyis\u00e9gben fogyaszthat\u00f3.<\/li>\n\n\n\n<li>Mindig min\u0151s\u00e9gi, gy\u00f3gyn\u00f6v\u00e9nyboltban v\u00e1s\u00e1rolt kamill\u00e1t haszn\u00e1lj!<\/li>\n<\/ul>\n\n\n\n<p><em>\u00c9lvezd a kamilla sokoldal\u00fa hat\u00e1sait \u2013 bel\u00fclr\u0151l \u00e9s k\u00edv\u00fclr\u0151l egyar\u00e1nt!<\/em>&nbsp;\ud83c\udf3c<\/p>\n","protected":false},"excerpt":{"rendered":"<p>A kamillatea (sz\u00e1r\u00edtott&nbsp;kamillavir\u00e1g&nbsp;f\u0151zete) egyik legn\u00e9pszer\u0171bb gy\u00f3gytea Magyarorsz\u00e1gon. \u00cdme r\u00e9szletesen a hat\u00e1sai \u00e9s \u00f6t kreat\u00edv receptv\u00e1ltozat: Kamillatea hat\u00e1sai: 5 recept \u00f6tlet kamillate\u00e1hoz: 1.&nbsp;Klasszikus nyugtat\u00f3 kamillatea \u00d6sszetev\u0151k: 2.&nbsp;Kamilla-menta komb\u00f3 \u00d6sszetev\u0151k: 3.&nbsp;M\u00e9zes-kamilla altat\u00f3 tea \u00d6sszetev\u0151k: 4.&nbsp;Gy\u00f6mb\u00e9res kamilla tea \u00d6sszetev\u0151k: 5.&nbsp;B\u0151r\u00e1pol\u00f3 kamillakompressz\u00f3 \u00d6sszetev\u0151k: Fontos! \u00c9lvezd a kamilla sokoldal\u00fa hat\u00e1sait \u2013 bel\u00fclr\u0151l \u00e9s k\u00edv\u00fclr\u0151l egyar\u00e1nt!&nbsp;\ud83c\udf3c<\/p>\n","protected":false},"author":1,"featured_media":20,"comment_status":"open","ping_status":"open","sticky":false,"template":"","format":"standard","meta":{"footnotes":""},"categories":[1],"tags":[],"class_list":["post-19","post","type-post","status-publish","format-standard","has-post-thumbnail","hentry","category-uncategorized"],"_links":{"self":[{"href":"https:\/\/www.delontea.org\/index.php?rest_route=\/wp\/v2\/posts\/19","targetHints":{"allow":["GET"]}}],"collection":[{"href":"https:\/\/www.delontea.org\/index.php?rest_route=\/wp\/v2\/posts"}],"about":[{"href":"https:\/\/www.delontea.org\/index.php?rest_route=\/wp\/v2\/types\/post"}],"author":[{"embeddable":true,"href":"https:\/\/www.delontea.org\/index.php?rest_route=\/wp\/v2\/users\/1"}],"replies":[{"embeddable":true,"href":"https:\/\/www.delontea.org\/index.php?rest_route=%2Fwp%2Fv2%2Fcomments&post=19"}],"version-history":[{"count":1,"href":"https:\/\/www.delontea.org\/index.php?rest_route=\/wp\/v2\/posts\/19\/revisions"}],"predecessor-version":[{"id":21,"href":"https:\/\/www.delontea.org\/index.php?rest_route=\/wp\/v2\/posts\/19\/revisions\/21"}],"wp:featuredmedia":[{"embeddable":true,"href":"https:\/\/www.delontea.org\/index.php?rest_route=\/wp\/v2\/media\/20"}],"wp:attachment":[{"href":"https:\/\/www.delontea.org\/index.php?rest_route=%2Fwp%2Fv2%2Fmedia&parent=19"}],"wp:term":[{"taxonomy":"category","embeddable":true,"href":"https:\/\/www.delontea.org\/index.php?rest_route=%2Fwp%2Fv2%2Fcategories&post=19"},{"taxonomy":"post_tag","embeddable":true,"href":"https:\/\/www.delontea.org\/index.php?rest_route=%2Fwp%2Fv2%2Ftags&post=19"}],"curies":[{"name":"wp","href":"https:\/\/api.w.org\/{rel}","templated":true}]}}