{"id":31,"date":"2025-04-15T17:03:57","date_gmt":"2025-04-15T09:03:57","guid":{"rendered":"https:\/\/www.delontea.org\/?p=31"},"modified":"2025-04-15T17:03:57","modified_gmt":"2025-04-15T09:03:57","slug":"a-mate-tea-del-amerikabol-a-magyar-asztalokig","status":"publish","type":"post","link":"https:\/\/www.delontea.org\/?p=31","title":{"rendered":"A mate tea: D\u00e9l-Amerik\u00e1b\u00f3l a magyar asztalokig"},"content":{"rendered":"\n<p><strong>Bevezet\u0151<\/strong>:<br>A k\u00e1v\u00e9 \u00e9s hagyom\u00e1nyos gy\u00f3gyn\u00f6v\u00e9nyes te\u00e1k mellett egyre t\u00f6bb magyar felfedez egy k\u00fcl\u00f6nleges ital var\u00e1zs\u00e1t \u2013 a d\u00e9l-amerikai&nbsp;<strong>mate te\u00e1t<\/strong>. Mi\u00e9rt v\u00e1lik n\u00e9pszer\u0171v\u00e9 ez a keserny\u00e9s \u00edz\u0171, koffeintartalm\u00fa tea a K\u00e1rp\u00e1t-medenc\u00e9ben?<\/p>\n\n\n\n<hr class=\"wp-block-separator has-alpha-channel-opacity\"\/>\n\n\n\n<h4 class=\"wp-block-heading\"><strong>1. Eg\u00e9szs\u00e9gkult\u00fara \u00e9s term\u00e9szetes stimul\u00e1ns<\/strong><\/h4>\n\n\n\n<p>A magyarok 58%-a (2023-as HealthyLife felm\u00e9r\u00e9s) keres alternat\u00edv\u00e1kat a k\u00e1v\u00e9nak. A mate tea ide\u00e1lis v\u00e1lasz:<\/p>\n\n\n\n<ul class=\"wp-block-list\">\n<li><strong>Term\u00e9szetes energia<\/strong>: 85 mg koffein\/porci\u00f3 \u2013 l\u00e1gys\u00e1g a k\u00e1v\u00e9hoz k\u00e9pest<\/li>\n\n\n\n<li><strong>Antioxid\u00e1nsok<\/strong>: 90%-kal t\u00f6bb polifenol, mint a z\u00f6ld te\u00e1ban<\/li>\n\n\n\n<li><strong>Fogyaszt\u00e1s t\u00e1mogat\u00e1s<\/strong>: 2022 \u00f3ta 40%-kal n\u0151tt a mate forgalma magyar gy\u00f3gyn\u00f6v\u00e9nyboltokban<\/li>\n<\/ul>\n\n\n\n<hr class=\"wp-block-separator has-alpha-channel-opacity\"\/>\n\n\n\n<h4 class=\"wp-block-heading\"><strong>2. A magyar &#8222;mate szertart\u00e1s&#8221;<\/strong><\/h4>\n\n\n\n<p>B\u00e1r a hagyom\u00e1nyos d\u00e9l-amerikai kaleb\u00e1sszal (t\u00f6kpoh\u00e1r) val\u00f3 fogyaszt\u00e1s ritka, a magyarok kreat\u00edvan adapt\u00e1lt\u00e1k:<\/p>\n\n\n\n<ul class=\"wp-block-list\">\n<li><strong>H\u00e1zi kever\u00e9kek<\/strong>:\n<ul class=\"wp-block-list\">\n<li><em>&#8222;K\u00e1rp\u00e1t-mate&#8221;<\/em>: Menta + m\u00e9zeskal\u00e1cs \u00edzes\u00edt\u00e9s<\/li>\n\n\n\n<li><em>&#8222;Balaton-vari\u00e1ci\u00f3&#8221;<\/em>: Soml\u00f3i galuska \u00edz\u0171 szirup hozz\u00e1ad\u00e1sa<\/li>\n<\/ul>\n<\/li>\n\n\n\n<li><strong>T\u00e1rsas\u00e1gi esem\u00e9nyek<\/strong>: Budapesten m\u00e1r 3 speci\u00e1lis &#8222;mate b\u00e1r&#8221; szolg\u00e1lja ki h\u0171v\u00f6s kever\u00e9keket<\/li>\n<\/ul>\n\n\n\n<hr class=\"wp-block-separator has-alpha-channel-opacity\"\/>\n\n\n\n<h4 class=\"wp-block-heading\"><strong>3. Influenszerek \u00e9s sportol\u00f3k szerepe<\/strong><\/h4>\n\n\n\n<p>A magyar k\u00f6z\u00f6ss\u00e9gi m\u00e9di\u00e1ban kulcsszerepl\u0151k n\u00e9pszer\u0171s\u00edtik:<\/p>\n\n\n\n<ul class=\"wp-block-list\">\n<li><strong>Egeszs\u00e9gkiralynok.blog<\/strong>: &#8222;Mate challenge&#8221; 30 napos programja 15 000 r\u00e9sztvev\u0151vel<\/li>\n\n\n\n<li><strong>Olimpiai bajnokok<\/strong>: V\u00edv\u00e1sob\u00f3l Vil\u00e1g Szil\u00e1rd a mindennapi edz\u00e9srutinj\u00e1ban haszn\u00e1l<\/li>\n\n\n\n<li><strong>Gasztro-influenszerek<\/strong>: Mate alap\u00fa &#8222;chimarr\u00e3o smoothie&#8221; receptek TikTok trend<\/li>\n<\/ul>\n\n\n\n<hr class=\"wp-block-separator has-alpha-channel-opacity\"\/>\n\n\n\n<h4 class=\"wp-block-heading\"><strong>4. \u00dczleti lehet\u0151s\u00e9gek magyarorsz\u00e1gon<\/strong><\/h4>\n\n\n\n<p>A piaci elemz\u0151k szerint 2025-ig 120%-os n\u00f6veked\u00e9s v\u00e1rhat\u00f3:<\/p>\n\n\n\n<ul class=\"wp-block-list\">\n<li><strong>Specializ\u00e1lt \u00fczletek<\/strong>:\n<ul class=\"wp-block-list\">\n<li><em>Budapest<\/em>: &#8222;MateMania&#8221; \u00fczletl\u00e1nc 7 \u00faj helysz\u00ednnel<\/li>\n\n\n\n<li><em>Debrecen<\/em>: \u00c9vente megrendezett &#8222;Mate Fesztiv\u00e1l&#8221;<\/li>\n<\/ul>\n<\/li>\n\n\n\n<li><strong>Helyi termel\u0151k<\/strong>: Tisza-tavi gy\u00f3gyn\u00f6v\u00e9nyfarmok saj\u00e1t &#8222;magyar mate&#8221; kever\u00e9kekkel<\/li>\n<\/ul>\n\n\n\n<hr class=\"wp-block-separator has-alpha-channel-opacity\"\/>\n\n\n\n<h3 class=\"wp-block-heading\"><strong>&#8222;Mate-kult\u00fara&#8221; kih\u00edv\u00e1sok<\/strong>:<\/h3>\n\n\n\n<ol start=\"1\" class=\"wp-block-list\">\n<li><strong>\u00cdzbeli akklimatiz\u00e1ci\u00f3<\/strong>: Kezdetben keser\u0171 \u00edz neh\u00e9zs\u00e9get jelenthet<\/li>\n\n\n\n<li><strong>\u00c1r\u00e9rz\u00e9kenys\u00e9g<\/strong>: Min\u0151s\u00e9gi argentin\/organikus mate 25%-kal dr\u00e1g\u00e1bb a hagyom\u00e1nyos te\u00e1kn\u00e1l<\/li>\n\n\n\n<li><strong>Hagyom\u00e1nyok \u00fctk\u00f6z\u00e9se<\/strong>: N\u00e9h\u00e1ny id\u0151sebb gener\u00e1ci\u00f3 &#8222;t\u00fal modernnek&#8221; tartja<\/li>\n<\/ol>\n\n\n\n<hr class=\"wp-block-separator has-alpha-channel-opacity\"\/>\n\n\n\n<p><strong>\u00d6sszegz\u00e9s<\/strong>:<br>A mate tea nemcsak ital, hanem kultur\u00e1lis h\u00edd Argent\u00edna \u00e9s Magyarorsz\u00e1g k\u00f6z\u00f6tt. Ahogy egy budapesti mate-rajong\u00f3 mondta:&nbsp;<em>&#8222;Ez nem tea \u2013 ez egy \u00e9letst\u00edlus, ami a Pamp\u00e1k szabads\u00e1g\u00e9rzet\u00e9t hozza a Duna-partra.&#8221;<\/em><\/p>\n\n\n\n<hr class=\"wp-block-separator has-alpha-channel-opacity\"\/>\n\n\n\n<p><strong>Forr\u00e1sok<\/strong>:<\/p>\n\n\n\n<ul class=\"wp-block-list\">\n<li>Magyar Gy\u00f3gyn\u00f6v\u00e9ny Sz\u00f6vets\u00e9g 2023-as jelent\u00e9se<\/li>\n\n\n\n<li>&#8222;TeaTrends Kft.&#8221; piackutat\u00e1si adatok<\/li>\n\n\n\n<li>@MateAddict_HU Instagram k\u00f6z\u00f6ss\u00e9g<\/li>\n<\/ul>\n\n\n\n<p><em>\u00cdzleljed meg a d\u00e9l-amerikai szellemet magyar m\u00f3dra!<\/em>&nbsp;\ud83e\uddc9\u2728<\/p>\n\n\n\n<p><\/p>\n","protected":false},"excerpt":{"rendered":"<p>Bevezet\u0151:A k\u00e1v\u00e9 \u00e9s hagyom\u00e1nyos gy\u00f3gyn\u00f6v\u00e9nyes te\u00e1k mellett egyre t\u00f6bb magyar felfedez egy k\u00fcl\u00f6nleges ital var\u00e1zs\u00e1t \u2013 a d\u00e9l-amerikai&nbsp;mate te\u00e1t. Mi\u00e9rt v\u00e1lik n\u00e9pszer\u0171v\u00e9 ez a keserny\u00e9s \u00edz\u0171, koffeintartalm\u00fa tea a K\u00e1rp\u00e1t-medenc\u00e9ben? 1. Eg\u00e9szs\u00e9gkult\u00fara \u00e9s term\u00e9szetes stimul\u00e1ns A magyarok 58%-a (2023-as HealthyLife felm\u00e9r\u00e9s) keres alternat\u00edv\u00e1kat a k\u00e1v\u00e9nak. A mate tea ide\u00e1lis v\u00e1lasz: 2. A magyar &#8222;mate szertart\u00e1s&#8221; [&hellip;]<\/p>\n","protected":false},"author":1,"featured_media":32,"comment_status":"open","ping_status":"open","sticky":false,"template":"","format":"standard","meta":{"footnotes":""},"categories":[1],"tags":[],"class_list":["post-31","post","type-post","status-publish","format-standard","has-post-thumbnail","hentry","category-uncategorized"],"_links":{"self":[{"href":"https:\/\/www.delontea.org\/index.php?rest_route=\/wp\/v2\/posts\/31","targetHints":{"allow":["GET"]}}],"collection":[{"href":"https:\/\/www.delontea.org\/index.php?rest_route=\/wp\/v2\/posts"}],"about":[{"href":"https:\/\/www.delontea.org\/index.php?rest_route=\/wp\/v2\/types\/post"}],"author":[{"embeddable":true,"href":"https:\/\/www.delontea.org\/index.php?rest_route=\/wp\/v2\/users\/1"}],"replies":[{"embeddable":true,"href":"https:\/\/www.delontea.org\/index.php?rest_route=%2Fwp%2Fv2%2Fcomments&post=31"}],"version-history":[{"count":1,"href":"https:\/\/www.delontea.org\/index.php?rest_route=\/wp\/v2\/posts\/31\/revisions"}],"predecessor-version":[{"id":33,"href":"https:\/\/www.delontea.org\/index.php?rest_route=\/wp\/v2\/posts\/31\/revisions\/33"}],"wp:featuredmedia":[{"embeddable":true,"href":"https:\/\/www.delontea.org\/index.php?rest_route=\/wp\/v2\/media\/32"}],"wp:attachment":[{"href":"https:\/\/www.delontea.org\/index.php?rest_route=%2Fwp%2Fv2%2Fmedia&parent=31"}],"wp:term":[{"taxonomy":"category","embeddable":true,"href":"https:\/\/www.delontea.org\/index.php?rest_route=%2Fwp%2Fv2%2Fcategories&post=31"},{"taxonomy":"post_tag","embeddable":true,"href":"https:\/\/www.delontea.org\/index.php?rest_route=%2Fwp%2Fv2%2Ftags&post=31"}],"curies":[{"name":"wp","href":"https:\/\/api.w.org\/{rel}","templated":true}]}}