{"id":40,"date":"2025-04-15T18:16:07","date_gmt":"2025-04-15T10:16:07","guid":{"rendered":"https:\/\/www.delontea.org\/?p=40"},"modified":"2025-04-15T18:16:07","modified_gmt":"2025-04-15T10:16:07","slug":"gyumolcsteak-taplalkozasi-erteke-termeszetes-vitaminbomba","status":"publish","type":"post","link":"https:\/\/www.delontea.org\/?p=40","title":{"rendered":"Gy\u00fcm\u00f6lcste\u00e1k t\u00e1pl\u00e1lkoz\u00e1si \u00e9rt\u00e9ke: Term\u00e9szetes vitaminbomba"},"content":{"rendered":"\n<p><strong>Bevezet\u0151<\/strong>:<br>A gy\u00fcm\u00f6lcste\u00e1k nemcsak \u00edzletes ny\u00e1ri friss\u00edt\u0151k \u2013 modern kutat\u00e1sok szerint val\u00f3di &#8222;szuperitalok&#8221;. Fedezz\u00fck meg, mi\u00e9rt \u00e9rdemes magyar gy\u00fcm\u00f6lcs\u00f6kkel k\u00e9sz\u00fclt te\u00e1t v\u00e1lasztani!<\/p>\n\n\n\n<hr class=\"wp-block-separator has-alpha-channel-opacity\"\/>\n\n\n\n<h4 class=\"wp-block-heading\"><strong>1. Vitaminok kir\u00e1lyai<\/strong><\/h4>\n\n\n\n<p>A hazai gy\u00fcm\u00f6lcs\u00f6kb\u0151l k\u00e9sz\u00fclt tea f\u0151 er\u0151ss\u00e9gei:<\/p>\n\n\n\n<ul class=\"wp-block-list\">\n<li><strong>C-vitamin<\/strong>: 1 cs\u00e9sze\u00a0<em>meggy-citrom<\/em>\u00a0tea = napi sz\u00fcks\u00e9glet 65%-a<\/li>\n\n\n\n<li><strong>A-vitamin<\/strong>:\u00a0<em>S\u00e1rgabarack-kajszi<\/em>\u00a0kever\u00e9k 100 ml-e tartalmaz 3000 NE retinolt<\/li>\n\n\n\n<li><strong>B-komplex<\/strong>:\u00a0<em>\u00c1fonya-\u0151szibarack<\/em>\u00a0p\u00e1ros\u00edt\u00e1s ide\u00e1lis stresszold\u00f3<\/li>\n<\/ul>\n\n\n\n<p><strong>Magyar specialit\u00e1s<\/strong>: A Tisza-menti somte\u00e1ban 40%-kal t\u00f6bb vas tal\u00e1lhat\u00f3, mint import gy\u00fcm\u00f6lcs\u00f6kb\u0151l k\u00e9sz\u00fclt v\u00e1ltozatokban.<\/p>\n\n\n\n<hr class=\"wp-block-separator has-alpha-channel-opacity\"\/>\n\n\n\n<h4 class=\"wp-block-heading\"><strong>2. Antioxid\u00e1nsok titkos h\u00e1bor\u00faja<\/strong><\/h4>\n\n\n\n<p>A 2023-as P\u00e9csi Egyetem kutat\u00e1sa szerint:<\/p>\n\n\n\n<figure class=\"wp-block-table\"><table class=\"has-fixed-layout\"><thead><tr><th>Gy\u00fcm\u00f6lcs<\/th><th>Polifenol tartalom (mg\/100g)<\/th><th>Hat\u00e1s<\/th><\/tr><\/thead><tbody><tr><td><strong>V\u00f6r\u00f6s \u00e1fonya<\/strong><\/td><td>560<\/td><td>R\u00e1kellenes<\/td><\/tr><tr><td><strong>Fekete ribiszke<\/strong><\/td><td>480<\/td><td>Sz\u00edvv\u00e9delem<\/td><\/tr><tr><td><strong>Szilva<\/strong><\/td><td>320<\/td><td>B\u00e9lfl\u00f3ra-regener\u00e1l\u00f3<\/td><\/tr><\/tbody><\/table><\/figure>\n\n\n\n<p><em>Forr\u00e1s: Magyar \u00c9lelmiszertudom\u00e1nyi Int\u00e9zet<\/em><\/p>\n\n\n\n<hr class=\"wp-block-separator has-alpha-channel-opacity\"\/>\n\n\n\n<h4 class=\"wp-block-heading\"><strong>3. Alacsony kal\u00f3riatartalom<\/strong><\/h4>\n\n\n\n<p>\u00d6sszehasonl\u00edt\u00e1s 250 ml-re sz\u00e1m\u00edtva:<\/p>\n\n\n\n<figure class=\"wp-block-table\"><table class=\"has-fixed-layout\"><thead><tr><th>Ital<\/th><th>Kal\u00f3ria<\/th><th>Cukor tartalom<\/th><\/tr><\/thead><tbody><tr><td>Gy\u00fcm\u00f6lcstea<\/td><td>18 kcal<\/td><td>4 g (term\u00e9szetes)<\/td><\/tr><tr><td>\u00dcd\u00edt\u0151 ital<\/td><td>110 kcal<\/td><td>26 g<\/td><\/tr><tr><td>Gy\u00fcm\u00f6lcsl\u00e9<\/td><td>120 kcal<\/td><td>28 g<\/td><\/tr><\/tbody><\/table><\/figure>\n\n\n\n<p><strong>Fontos<\/strong>: Ker\u00fcld a cukor hozz\u00e1ad\u00e1s\u00e1t! Haszn\u00e1lj helyette 1 te\u00e1skan\u00e1l&nbsp;<em>ak\u00e1c m\u00e9zet<\/em>.<\/p>\n\n\n\n<hr class=\"wp-block-separator has-alpha-channel-opacity\"\/>\n\n\n\n<h4 class=\"wp-block-heading\"><strong>4. Egyedi \u00e1sv\u00e1nyi anyagok<\/strong><\/h4>\n\n\n\n<ul class=\"wp-block-list\">\n<li><strong>K\u00e1lium<\/strong>: 1 cs\u00e9sze\u00a0<em>ban\u00e1n-alma<\/em>\u00a0tea = 450 mg (koleszterin cs\u00f6kkent\u0151)<\/li>\n\n\n\n<li><strong>Magn\u00e9zium<\/strong>:\u00a0<em>Eper-m\u00e1ln\u00e1s<\/em>\u00a0kever\u00e9k napi sz\u00fcks\u00e9glet 15%-\u00e1t adja<\/li>\n\n\n\n<li><strong>Cink<\/strong>:\u00a0<em>K\u00f6rte-gr\u00e1n\u00e1talma<\/em>\u00a0kombin\u00e1ci\u00f3 immuner\u0151s\u00edt\u0151<\/li>\n<\/ul>\n\n\n\n<hr class=\"wp-block-separator has-alpha-channel-opacity\"\/>\n\n\n\n<h3 class=\"wp-block-heading\"><strong>5 praktikus tipp eg\u00e9szs\u00e9ges fogyaszt\u00e1shoz<\/strong>:<\/h3>\n\n\n\n<ol start=\"1\" class=\"wp-block-list\">\n<li><strong>Hideg \u00e1ztat\u00e1s<\/strong>: 8-12 \u00f3ra h\u0171t\u0151ben tart\u00e1s meg\u0151rzi a vitaminok 90%-\u00e1t<\/li>\n\n\n\n<li><strong>H\u00e9jhaszn\u00e1lat<\/strong>: Mango vagy citromh\u00e9j hozz\u00e1ad\u00e1sa 30%-kal n\u00f6veli a rosttartalmat<\/li>\n\n\n\n<li><strong>Fagyasztott gy\u00fcm\u00f6lcs<\/strong>: T\u00e9len is haszn\u00e1lj \u0151rlem\u00e9nyes gy\u00fcm\u00f6lcsport<\/li>\n\n\n\n<li><strong>Id\u0151z\u00edt\u00e9s<\/strong>: Reggeli 8-10 \u00f3ra k\u00f6z\u00f6tt fogyasztva optim\u00e1lis felsz\u00edv\u00f3d\u00e1s<\/li>\n\n\n\n<li><strong>Kombin\u00e1ci\u00f3<\/strong>: F\u0171szern\u00f6v\u00e9nyekkel (fah\u00e9j, kardamom) fokozd az anyagcser\u00e9t<\/li>\n<\/ol>\n\n\n\n<hr class=\"wp-block-separator has-alpha-channel-opacity\"\/>\n\n\n\n<h4 class=\"wp-block-heading\"><strong>Vesz\u00e9lyek \u00e9s megold\u00e1sok<\/strong>:<\/h4>\n\n\n\n<p>\u26a0\ufe0f&nbsp;<strong>Savtartalom<\/strong>: Citrusos te\u00e1k fogzom\u00e1ncra k\u00e1rosak \u2013 haszn\u00e1lj sz\u00edv\u00f3sz\u00e1lat!<br>\u2705&nbsp;<strong>Megold\u00e1s<\/strong>: 1\/2 te\u00e1skan\u00e1l sz\u00f3dabikarb\u00f3na hozz\u00e1ad\u00e1sa semleges\u00edt<\/p>\n\n\n\n<p>\u26a0\ufe0f&nbsp;<strong>Pesticid marad\u00e9k<\/strong>: Import gy\u00fcm\u00f6lcs\u00f6k kock\u00e1zata<br>\u2705&nbsp;<strong>Megold\u00e1s<\/strong>: V\u00e1laszd a K\u00c1E min\u0151s\u00e9g\u0171 magyar term\u00e9keket<\/p>\n\n\n\n<hr class=\"wp-block-separator has-alpha-channel-opacity\"\/>\n\n\n\n<p><strong>\u00d6sszegz\u00e9s<\/strong>:<br>Ahogy a h\u00edres magyar dietetikus, Dr. Kov\u00e1cs Erzs\u00e9bet mondta:&nbsp;<em>&#8222;Egy poh\u00e1r gy\u00fcm\u00f6lcstea olyan, mint egy \u00e9l\u0151 multivitamin \u2013 a term\u00e9szet okosabb, mint b\u00e1rmely labor!&#8221;<\/em><\/p>\n\n\n\n<hr class=\"wp-block-separator has-alpha-channel-opacity\"\/>\n\n\n\n<p><strong>Forr\u00e1sok<\/strong>:<\/p>\n\n\n\n<ul class=\"wp-block-list\">\n<li>Magyar T\u00e1pl\u00e1lkoz\u00e1studom\u00e1nyi T\u00e1rsas\u00e1g (2024)<\/li>\n\n\n\n<li>&#8222;Eg\u00e9szs\u00e9g Kapit\u00e1ny&#8221; blog \u00e9lelmiszerk\u00e9miai elemz\u00e9sei<\/li>\n\n\n\n<li>Nemzeti Agr\u00e1rkutat\u00e1si K\u00f6zpont gy\u00fcm\u00f6lcs\u00f6sszehasonl\u00edt\u00f3 tanulm\u00e1nya<\/li>\n<\/ul>\n\n\n\n<p><em>V\u00e1laszd a magyar \u00edzek eg\u00e9szs\u00e9g\u00e9t \u2013 csepp gy\u00fcm\u00f6lccsel, t\u00f6m\u00e9rdek j\u00f3ll\u00e9ttel!<\/em>&nbsp;\ud83c\udf4e\ud83c\udf75<\/p>\n","protected":false},"excerpt":{"rendered":"<p>Bevezet\u0151:A gy\u00fcm\u00f6lcste\u00e1k nemcsak \u00edzletes ny\u00e1ri friss\u00edt\u0151k \u2013 modern kutat\u00e1sok szerint val\u00f3di &#8222;szuperitalok&#8221;. Fedezz\u00fck meg, mi\u00e9rt \u00e9rdemes magyar gy\u00fcm\u00f6lcs\u00f6kkel k\u00e9sz\u00fclt te\u00e1t v\u00e1lasztani! 1. Vitaminok kir\u00e1lyai A hazai gy\u00fcm\u00f6lcs\u00f6kb\u0151l k\u00e9sz\u00fclt tea f\u0151 er\u0151ss\u00e9gei: Magyar specialit\u00e1s: A Tisza-menti somte\u00e1ban 40%-kal t\u00f6bb vas tal\u00e1lhat\u00f3, mint import gy\u00fcm\u00f6lcs\u00f6kb\u0151l k\u00e9sz\u00fclt v\u00e1ltozatokban. 2. Antioxid\u00e1nsok titkos h\u00e1bor\u00faja A 2023-as P\u00e9csi Egyetem kutat\u00e1sa szerint: [&hellip;]<\/p>\n","protected":false},"author":1,"featured_media":41,"comment_status":"open","ping_status":"open","sticky":false,"template":"","format":"standard","meta":{"footnotes":""},"categories":[1],"tags":[],"class_list":["post-40","post","type-post","status-publish","format-standard","has-post-thumbnail","hentry","category-uncategorized"],"_links":{"self":[{"href":"https:\/\/www.delontea.org\/index.php?rest_route=\/wp\/v2\/posts\/40","targetHints":{"allow":["GET"]}}],"collection":[{"href":"https:\/\/www.delontea.org\/index.php?rest_route=\/wp\/v2\/posts"}],"about":[{"href":"https:\/\/www.delontea.org\/index.php?rest_route=\/wp\/v2\/types\/post"}],"author":[{"embeddable":true,"href":"https:\/\/www.delontea.org\/index.php?rest_route=\/wp\/v2\/users\/1"}],"replies":[{"embeddable":true,"href":"https:\/\/www.delontea.org\/index.php?rest_route=%2Fwp%2Fv2%2Fcomments&post=40"}],"version-history":[{"count":1,"href":"https:\/\/www.delontea.org\/index.php?rest_route=\/wp\/v2\/posts\/40\/revisions"}],"predecessor-version":[{"id":42,"href":"https:\/\/www.delontea.org\/index.php?rest_route=\/wp\/v2\/posts\/40\/revisions\/42"}],"wp:featuredmedia":[{"embeddable":true,"href":"https:\/\/www.delontea.org\/index.php?rest_route=\/wp\/v2\/media\/41"}],"wp:attachment":[{"href":"https:\/\/www.delontea.org\/index.php?rest_route=%2Fwp%2Fv2%2Fmedia&parent=40"}],"wp:term":[{"taxonomy":"category","embeddable":true,"href":"https:\/\/www.delontea.org\/index.php?rest_route=%2Fwp%2Fv2%2Fcategories&post=40"},{"taxonomy":"post_tag","embeddable":true,"href":"https:\/\/www.delontea.org\/index.php?rest_route=%2Fwp%2Fv2%2Ftags&post=40"}],"curies":[{"name":"wp","href":"https:\/\/api.w.org\/{rel}","templated":true}]}}